{"id":1951,"date":"2014-04-20T07:30:15","date_gmt":"2014-04-20T07:30:15","guid":{"rendered":"http:\/\/www.leschapeauxdelisa.com\/?p=1951"},"modified":"2018-02-24T14:54:04","modified_gmt":"2018-02-24T14:54:04","slug":"la-journee-des-etrennes","status":"publish","type":"post","link":"https:\/\/www.leschapeauxdelisa.com\/wordpress\/la-journee-des-etrennes\/","title":{"rendered":"La journ\u00e9e des \u00e9trennes"},"content":{"rendered":"<h1 style=\"text-align: center;\"><span style=\"color: #333333;\">Vous souvenez-vous du journal des agriculteurs <\/span><\/h1>\n<h1 style=\"text-align: center;\"><span style=\"color: #333333;\">La FERME?<\/span><\/h1>\n<p style=\"text-align: justify;\"><span style=\"font-size: 14pt; font-family: arial,helvetica,sans-serif;\">Il \u00e9tait distribu\u00e9 dans les ann\u00e9es 60 au Qu\u00e9bec?\u00a0 Moi je ne m&#8217;en souviens pas\u00a0bien entendu, j&#8217;\u00e9tais \u00e0 peine au monde&#8230;J&#8217;aurais bien aim\u00e9 un journal de ce genre c&#8217;est certain! car Madame Jeanne Chantron professeur de mode \u00e0 l&#8217;\u00e9cole des M\u00e9tiers Commerciaux de Montr\u00e9al aurait \u00e9t\u00e9 mon idole. Elle publiait un merveilleux DIY comme on dit\u00a0si bien aujourd&#8217;hui sur la blogosph\u00e8re, Do It Yourself. J&#8217;ai la chance d&#8217;avoir en ma possession quelques \u00e9crits et patrons de cette grande dame qui \u00e9tait tr\u00e8s talentueuse et affirm\u00e9e. <\/span><\/p>\n<p style=\"text-align: justify;\"><span style=\"font-size: 14pt; font-family: arial,helvetica,sans-serif;\">Je trouvais tr\u00e8s appropri\u00e9 aujourd&#8217;hui de\u00a0lui faire hommage et partager un de ces mod\u00e8les de\u00a0circonstance pour la f\u00eate de P\u00e2ques qu&#8217;elle avait pr\u00e9sent\u00e9 \u00e0 cette \u00e9poque.<\/span><\/p>\n<p style=\"text-align: justify;\"><span style=\"font-size: 14pt; font-family: arial,helvetica,sans-serif;\">Qui n&#8217;\u00e9trennait pas une nouvelle tenue vestimentaire et un nouveau chapeau il y a 50-60 ans pass\u00e9 en\u00a0cette grande occasion?<\/span><\/p>\n<p style=\"text-align: justify;\"><span style=\"font-size: 14pt; font-family: arial,helvetica,sans-serif;\">Toute la paroisse allait au grand d\u00e9fil\u00e9 de mode de la f\u00eate de P\u00e2ques \u00e0 l&#8217;\u00e9glise paroissiale&#8230; . Les dames arboraient fi\u00e8rement leur plus belle tenue et \u00e9trennait un nouveau chapeau printanier&#8230;<\/span><\/p>\n<p style=\"text-align: justify;\"><em><span style=\"font-size: 14pt; font-family: arial,helvetica,sans-serif;\">Voici le texte de Madame Chantron.<\/span><\/em><\/p>\n<p style=\"text-align: center;\"><img loading=\"lazy\" class=\" wp-image-1952 size-full aligncenter\" src=\"https:\/\/www.leschapeauxdelisa.com\/wordpress\/wordpress\/wp-content\/uploads\/2014\/04\/Jeanne-Chantron-texte.jpg\" alt=\"Jeanne Chantron texte\" width=\"321\" height=\"640\" srcset=\"https:\/\/www.leschapeauxdelisa.com\/wordpress\/wordpress\/wp-content\/uploads\/2014\/04\/Jeanne-Chantron-texte.jpg 321w, https:\/\/www.leschapeauxdelisa.com\/wordpress\/wordpress\/wp-content\/uploads\/2014\/04\/Jeanne-Chantron-texte-150x300.jpg 150w\" sizes=\"(max-width: 321px) 100vw, 321px\" \/><div class=\"clear\"><\/div><div class=\"gap\" style=\"height: 20px;\"><\/div>\n<p style=\"text-align: center;\"><blockquote class=\"blk\"><span style=\"font-size: 24pt;\"><em>Rappelez-vous que les chapeaux les<\/em> <em>plus chics sont ceux les plus simples disait <span style=\"font-family: arial black,sans-serif;\">Jeanne Chantron<\/span><\/em><\/span><\/blockquote> \n<p>&nbsp;<\/p>\n<p style=\"text-align: justify;\"><span style=\"font-size: 14pt; color: #000000; font-family: arial,helvetica,sans-serif;\">Je suis totalement en accord avec elle et je dirais m\u00eame que c&#8217;est la premi\u00e8re loi de l&#8217;\u00e9l\u00e9gance. On ne changera pas \u00e7a!<\/span><\/p>\n<p style=\"text-align: justify;\"><span style=\"font-size: 14pt; color: #000000; font-family: arial,helvetica,sans-serif;\">Ce chapeau\u00a0n&#8217;est\u00a0pas compliqu\u00e9 \u00e0 confectionner&#8230; quatre pointes de fer \u00e0 repasser et un tour! Celui-ci est piqu\u00e9 mais ce n&#8217;est pas n\u00e9cessaire&#8230;Si vous avez lu le texte de Madame Chantron, elle mentionne qu&#8217;il peut \u00eatre fait de mati\u00e8res recycl\u00e9es, tr\u00e8s actuel encore aujourd&#8217;hui, et\u00a0le style d\u00e9pendra du tissu utilis\u00e9.\u00a0<\/span><\/p>\n<p style=\"text-align: justify;\"><span style=\"font-size: 14pt; color: #000000; font-family: arial,helvetica,sans-serif;\">Il est tr\u00e8s joli ce chapeau&#8230;trouvez-vous? \u00c9cologique si on le veut et mode! <\/span><\/p>\n<p style=\"text-align: justify;\"><span style=\"font-size: 14pt; color: #000000; font-family: arial,helvetica,sans-serif;\">Si le coeur vous en dit&#8230;\u00e0 vos ciseaux! <\/span><\/p>\n<p><span style=\"font-size: 14pt; color: #000000; font-family: arial,helvetica,sans-serif;\">N&#8217;oubliez surtout pas de mesurer votre tour de t\u00eate et d&#8217;ajuster en cons\u00e9quence!\u00a0<\/span><\/p>\n<h1 style=\"text-align: center;\"><span style=\"color: #333333;\">Joyeuses P\u00e2ques!<\/span><\/h1>\n<p><img loading=\"lazy\" class=\"aligncenter wp-image-1959 size-medium\" src=\"https:\/\/www.leschapeauxdelisa.com\/wordpress\/wordpress\/wp-content\/uploads\/2014\/04\/142-300x225.jpg\" alt=\"Lys de P\u00e2ques\" width=\"300\" height=\"225\" srcset=\"https:\/\/www.leschapeauxdelisa.com\/wordpress\/wordpress\/wp-content\/uploads\/2014\/04\/142-300x225.jpg 300w, https:\/\/www.leschapeauxdelisa.com\/wordpress\/wordpress\/wp-content\/uploads\/2014\/04\/142-400x300.jpg 400w, https:\/\/www.leschapeauxdelisa.com\/wordpress\/wordpress\/wp-content\/uploads\/2014\/04\/142.jpg 640w\" sizes=\"(max-width: 300px) 100vw, 300px\" \/><\/p>\n<p>&nbsp;<\/p>\n<p>&nbsp;<\/p>\n<h2 style=\"text-align: center;\"><\/h2>\n<p>&nbsp;<\/p>\n<p>&nbsp;<\/p>\n","protected":false},"excerpt":{"rendered":"<p>Vous souvenez-vous du journal des agriculteurs La FERME? Il \u00e9tait distribu\u00e9 dans les ann\u00e9es 60 au Qu\u00e9bec?\u00a0 Moi je ne m&#8217;en souviens pas\u00a0bien entendu, j&#8217;\u00e9tais \u00e0 peine au monde&#8230;J&#8217;aurais bien aim\u00e9 un journal de ce genre c&#8217;est certain! car Madame Jeanne Chantron professeur de mode \u00e0 l&#8217;\u00e9cole des M\u00e9tiers Commerciaux de Montr\u00e9al aurait \u00e9t\u00e9 mon idole. Elle publiait un merveilleux&hellip;<\/p>\n","protected":false},"author":1,"featured_media":1953,"comment_status":"open","ping_status":"open","sticky":false,"template":"","format":"image","meta":{"_s2mail":"no","ngg_post_thumbnail":0},"categories":[40,88,89,9],"tags":[],"_links":{"self":[{"href":"https:\/\/www.leschapeauxdelisa.com\/wordpress\/wp-json\/wp\/v2\/posts\/1951"}],"collection":[{"href":"https:\/\/www.leschapeauxdelisa.com\/wordpress\/wp-json\/wp\/v2\/posts"}],"about":[{"href":"https:\/\/www.leschapeauxdelisa.com\/wordpress\/wp-json\/wp\/v2\/types\/post"}],"author":[{"embeddable":true,"href":"https:\/\/www.leschapeauxdelisa.com\/wordpress\/wp-json\/wp\/v2\/users\/1"}],"replies":[{"embeddable":true,"href":"https:\/\/www.leschapeauxdelisa.com\/wordpress\/wp-json\/wp\/v2\/comments?post=1951"}],"version-history":[{"count":47,"href":"https:\/\/www.leschapeauxdelisa.com\/wordpress\/wp-json\/wp\/v2\/posts\/1951\/revisions"}],"predecessor-version":[{"id":1985,"href":"https:\/\/www.leschapeauxdelisa.com\/wordpress\/wp-json\/wp\/v2\/posts\/1951\/revisions\/1985"}],"wp:featuredmedia":[{"embeddable":true,"href":"https:\/\/www.leschapeauxdelisa.com\/wordpress\/wp-json\/wp\/v2\/media\/1953"}],"wp:attachment":[{"href":"https:\/\/www.leschapeauxdelisa.com\/wordpress\/wp-json\/wp\/v2\/media?parent=1951"}],"wp:term":[{"taxonomy":"category","embeddable":true,"href":"https:\/\/www.leschapeauxdelisa.com\/wordpress\/wp-json\/wp\/v2\/categories?post=1951"},{"taxonomy":"post_tag","embeddable":true,"href":"https:\/\/www.leschapeauxdelisa.com\/wordpress\/wp-json\/wp\/v2\/tags?post=1951"}],"curies":[{"name":"wp","href":"https:\/\/api.w.org\/{rel}","templated":true}]}}